{"id":1252,"date":"2026-09-01T04:05:14","date_gmt":"2026-09-01T04:05:14","guid":{"rendered":"https:\/\/pachem.cl\/?p=1252"},"modified":"2026-09-01T04:13:53","modified_gmt":"2026-09-01T04:13:53","slug":"cedenna-fortalece-la-colaboracion-cientifica-entre-chile-y-finlandia","status":"publish","type":"post","link":"https:\/\/pachem.cl\/en\/cedenna-fortalece-la-colaboracion-cientifica-entre-chile-y-finlandia\/","title":{"rendered":"\u00a0CEDENNA fortalece la colaboraci\u00f3n cient\u00edfica entre Chile y Finlandia"},"content":{"rendered":"\n[et_pb_section fb_built=\u00bb1&#8243; _builder_version=\u00bb4.18.0&#8243; _module_preset=\u00bbdefault\u00bb background_color=\u00bb#f2f2f2&#8243; width=\u00bb100%\u00bb max_width=\u00bb100%\u00bb custom_margin=\u00bb0px|0px|0px|0px|false|false\u00bb custom_padding=\u00bb74px|0px|116px|0px|false|false\u00bb global_colors_info=\u00bb{}\u00bb][et_pb_row _builder_version=\u00bb4.18.0&#8243; _module_preset=\u00bbdefault\u00bb max_width=\u00bb1440px\u00bb module_alignment=\u00bbcenter\u00bb custom_margin=\u00bb0px|0px|0px|0px|false|false\u00bb custom_padding=\u00bb0px|0px|0px|0px|false|false\u00bb global_colors_info=\u00bb{}\u00bb][et_pb_column type=\u00bb4_4&#8243; _builder_version=\u00bb4.18.0&#8243; _module_preset=\u00bbdefault\u00bb global_colors_info=\u00bb{}\u00bb][\/et_pb_column][\/et_pb_row][et_pb_row _builder_version=\u00bb4.18.0&#8243; background_color=\u00bb#ffffff\u00bb background_size=\u00bbinitial\u00bb background_position=\u00bbtop_left\u00bb background_repeat=\u00bbrepeat\u00bb custom_margin=\u00bb-55px|auto||auto||\u00bb custom_padding=\u00bb46px|0px|60px|0px||\u00bb animation_style=\u00bbslide\u00bb animation_direction=\u00bbbottom\u00bb animation_intensity_slide=\u00bb6%\u00bb animation_starting_opacity=\u00bb100%\u00bb border_radii=\u00bbon|15px|15px|15px|15px\u00bb box_shadow_style=\u00bbpreset3&#8243; box_shadow_vertical=\u00bb39px\u00bb box_shadow_blur=\u00bb80px\u00bb box_shadow_color=\u00bbrgba(0,0,0,0.1)\u00bb custom_width_px=\u00bb1280px\u00bb global_colors_info=\u00bb{}\u00bb][et_pb_column type=\u00bb4_4&#8243; _builder_version=\u00bb4.16&#8243; custom_padding=\u00bb30px|40px|30px|40px\u00bb global_colors_info=\u00bb{}\u00bb custom_padding__hover=\u00bb|||\u00bb][et_pb_text _builder_version=\u00bb4.27.6&#8243; text_font=\u00bbLato||||||||\u00bb text_text_color=\u00bb#8e939e\u00bb text_font_size=\u00bb16px\u00bb text_line_height=\u00bb1.8em\u00bb header_font=\u00bb||||||||\u00bb header_2_font=\u00bbLato||||||||\u00bb header_3_font=\u00bbLato|700|||||||\u00bb header_3_text_color=\u00bb#4f4f6f\u00bb header_3_font_size=\u00bb36px\u00bb header_3_line_height=\u00bb1.5em\u00bb custom_margin=\u00bb-22px|||||\u00bb custom_padding=\u00bb30px|||\u00bb border_color_all=\u00bbrgba(51,51,51,0.12)\u00bb border_width_top=\u00bb1px\u00bb global_colors_info=\u00bb{}\u00bb]<div class=\"itemIntroText\" style=\"text-align: justify;\"><\/div>\n<p>&nbsp;<\/p>\n<div class=\"itemFullText\">\n<p><span>\ud83c\udf0d\ud83d\udd2c CEDENNA fortalece la colaboraci\u00f3n cient\u00edfica entre Chile y Finlandia<\/span><\/p>\n<p><span>\ud83e\udd29 Nuestra investigadora Lyzethly C\u00e1ceres realiz\u00f3 una estancia acad\u00e9mica en la Universidad de Helsinki, donde desarroll\u00f3 una intensa agenda de trabajo orientada a fortalecer la cooperaci\u00f3n internacional en investigaci\u00f3n, educaci\u00f3n cient\u00edfica y sostenibilidad.<\/span><\/p>\n<p><span>\ud83c\udf1f Durante la visita, sostuvo reuniones con investigadores e investigadoras del LUMA Centre Finland, una de las instituciones de referencia en educaci\u00f3n cient\u00edfica, para avanzar en publicaciones conjuntas, nuevas propuestas de investigaci\u00f3n y futuras iniciativas de colaboraci\u00f3n entre Chile y Finlandia.<\/span><\/p>\n<p><span>\ud83e\uddea Esta experiencia se enmarca en los proyectos FONDECYT Regular N.\u00ba 1221634 y N.\u00ba 1221942, contribuyendo al desarrollo de investigaciones en qu\u00edmica ambiental, educaci\u00f3n STEM, sostenibilidad y formaci\u00f3n docente.<\/span><\/p>\n<p><strong><\/strong><\/p>\n<p>Fuente: <a href=\"https:\/\/www.instagram.com\/p\/DbYPihXHAow\/?igsh=cHo4Z2xzMzVqc2x1\">https:\/\/www.instagram.com\/p\/DbYPihXHAow\/?igsh=cHo4Z2xzMzVqc2x1<\/a><strong><\/strong><\/p>\n<p>&nbsp;<\/p>\n<\/div>[\/et_pb_text][et_pb_social_media_follow disabled_on=\u00bbon|on|on\u00bb _builder_version=\u00bb4.27.6&#8243; custom_margin=\u00bb35px|||||\u00bb custom_margin_tablet=\u00bb|||175px\u00bb custom_margin_phone=\u00bb|||140px\u00bb custom_margin_last_edited=\u00bboff|desktop\u00bb custom_padding=\u00bb|||\u00bb disabled=\u00bbon\u00bb global_colors_info=\u00bb{}\u00bb][et_pb_social_media_follow_network social_network=\u00bbinstagram\u00bb url=\u00bbhttps:\/\/www.instagram.com\/p\/DZ8e6MaDYQw\/?igsh=enNndTI3NmNvNDI2&#8243; icon_color=\u00bb#FFFFFF\u00bb _builder_version=\u00bb4.27.6&#8243; background_color=\u00bb#ea2c59&#8243; global_colors_info=\u00bb{}\u00bb follow_button=\u00bboff\u00bb url_new_window=\u00bbon\u00bb]instagram[\/et_pb_social_media_follow_network][\/et_pb_social_media_follow][\/et_pb_column][\/et_pb_row][\/et_pb_section]\n","protected":false},"excerpt":{"rendered":"<p>&nbsp; \ud83c\udf0d\ud83d\udd2c CEDENNA fortalece la colaboraci\u00f3n cient\u00edfica entre Chile y Finlandia \ud83e\udd29 Nuestra investigadora Lyzethly C\u00e1ceres realiz\u00f3 una estancia acad\u00e9mica en la Universidad de Helsinki, donde desarroll\u00f3 una intensa agenda de trabajo orientada a fortalecer la cooperaci\u00f3n internacional en investigaci\u00f3n, educaci\u00f3n cient\u00edfica y sostenibilidad. \ud83c\udf1f Durante la visita, sostuvo reuniones con investigadores e investigadoras del [&hellip;]<\/p>\n","protected":false},"author":1,"featured_media":1257,"comment_status":"closed","ping_status":"closed","sticky":false,"template":"","format":"standard","meta":{"_et_pb_use_builder":"on","_et_pb_old_content":"","_et_gb_content_width":"1080","footnotes":""},"categories":[12],"tags":[],"class_list":["post-1252","post","type-post","status-publish","format-standard","has-post-thumbnail","hentry","category-noticias"],"_links":{"self":[{"href":"https:\/\/pachem.cl\/en\/wp-json\/wp\/v2\/posts\/1252","targetHints":{"allow":["GET"]}}],"collection":[{"href":"https:\/\/pachem.cl\/en\/wp-json\/wp\/v2\/posts"}],"about":[{"href":"https:\/\/pachem.cl\/en\/wp-json\/wp\/v2\/types\/post"}],"author":[{"embeddable":true,"href":"https:\/\/pachem.cl\/en\/wp-json\/wp\/v2\/users\/1"}],"replies":[{"embeddable":true,"href":"https:\/\/pachem.cl\/en\/wp-json\/wp\/v2\/comments?post=1252"}],"version-history":[{"count":3,"href":"https:\/\/pachem.cl\/en\/wp-json\/wp\/v2\/posts\/1252\/revisions"}],"predecessor-version":[{"id":1258,"href":"https:\/\/pachem.cl\/en\/wp-json\/wp\/v2\/posts\/1252\/revisions\/1258"}],"wp:featuredmedia":[{"embeddable":true,"href":"https:\/\/pachem.cl\/en\/wp-json\/wp\/v2\/media\/1257"}],"wp:attachment":[{"href":"https:\/\/pachem.cl\/en\/wp-json\/wp\/v2\/media?parent=1252"}],"wp:term":[{"taxonomy":"category","embeddable":true,"href":"https:\/\/pachem.cl\/en\/wp-json\/wp\/v2\/categories?post=1252"},{"taxonomy":"post_tag","embeddable":true,"href":"https:\/\/pachem.cl\/en\/wp-json\/wp\/v2\/tags?post=1252"}],"curies":[{"name":"wp","href":"https:\/\/api.w.org\/{rel}","templated":true}]}}